
{"id":465,"date":"2022-03-25T12:42:30","date_gmt":"2022-03-25T12:42:30","guid":{"rendered":"http:\/\/wellexpo.select-themes.com\/?p=465"},"modified":"2022-03-31T13:19:52","modified_gmt":"2022-03-31T13:19:52","slug":"los-upar-awards-y-su-aporte-al-engrandecimiento-del-floclor-vallenato","status":"publish","type":"post","link":"https:\/\/uparawards.com.co\/?p=465","title":{"rendered":"Los Upar Awards y su aporte al engrandecimiento del folclor vallenato"},"content":{"rendered":"<p>&nbsp;<\/p>\n<p style=\"font-weight: 400; text-align: left;\">El 2022 es el a\u00f1o m\u00e1s esperado por el g\u00e9nero vallenato, no solo regresa el Festival Vallenato a su normalidad, sino que tambi\u00e9n se desarrollar\u00e1 la segunda entrega de los Upar Awards, luego de haberse suspendido por dos a\u00f1os.<\/p>\n<p><!--more--><\/p>\n<p>[vc_row][vc_column][vc_empty_space height=\u00bb11px\u00bb][vc_empty_space height=\u00bb7px\u00bb][vc_column_text]Este a\u00f1o ser\u00e1 el de la m\u00fasica vallenata, se realizar\u00e1 por segunda vez los Premios al Folclor Vallenato, y una vez m\u00e1s se exaltar\u00e1 a los actores de este g\u00e9nero. La Fundaci\u00f3n Upar Awards asegura que la gran gala donde se extender\u00e1 la alfombra roja ser\u00e1 un evento sin precedentes donde los seguidores contin\u00faan teniendo la \u00faltima palabra a la hora de escoger a los ganadores. Dentro de los detalles develados por los organizadores est\u00e1 que se realizar\u00e1 el 27 de abril de este a\u00f1o, con m\u00e1s de 140 nominados, cinco por cada una de las 35 categor\u00edas, los cuales se escoger\u00e1n de acuerdo a los trabajos realizados a partir del 01 de enero del 2020 hasta el 31 de diciembre del a\u00f1o 2021.[\/vc_column_text][vc_empty_space height=\u00bb11px\u00bb][vc_column_text]<\/p>\n<blockquote><p><i>\u201cVolvemos en este 2022 con una gala a la altura de los nominados y por supuesto del gran homenajeado, sin embargo, como Fundaci\u00f3n hemos decidido tener en cuenta las producciones trabajadas en el a\u00f1o de pandemia para as\u00ed escoger a quienes ir\u00e1n por el gran galard\u00f3n\u201d, explic\u00f3 Jes\u00fas Vargas, cofundador.<\/i><\/p><\/blockquote>\n<p>[\/vc_column_text][vc_empty_space height=\u00bb50px\u00bb][vc_column_text]<strong>Omar Geles, el gran homenajeado<\/strong>[vc_empty_space height=\u00bb11px\u00bb][vc_column_text]De acuerdo a lo establecido en el a\u00f1o 2020, el homenajeado de los premios \u2018Upara Awards\u2019 para la segunda gala ser\u00e1 el compositor y cantante Omar Geles Su\u00e1rez, \u201cLa historia musical del maestro Omar Geles es amplia y excelsa, exponente del folclor vallenato desde su ni\u00f1ez como acordeonero, uno de los compositores m\u00e1s reconocidos de Colombia, productor y hoy cantautor, tanto el mundo vallenato como esta Fundaci\u00f3n nos sentimos honrados que sea \u00e9l un abanderado de nuestro folclor\u201d dijo Vargas O\u00f1ate.[\/vc_column_text][vc_empty_space height=\u00bb52px\u00bb]<img loading=\"lazy\" decoding=\"async\" class=\"wp-image-3649 aligncenter\" src=\"http:\/\/uparawards.com.co\/wp-content\/uploads\/2018\/06\/Vuelve-la-alfombra-roja-de-los-Upar-Awards-300x180.jpg\" alt=\"\" width=\"757\" height=\"454\" srcset=\"https:\/\/uparawards.com.co\/wp-content\/uploads\/2018\/06\/Vuelve-la-alfombra-roja-de-los-Upar-Awards-300x180.jpg 300w, https:\/\/uparawards.com.co\/wp-content\/uploads\/2018\/06\/Vuelve-la-alfombra-roja-de-los-Upar-Awards-600x360.jpg 600w, https:\/\/uparawards.com.co\/wp-content\/uploads\/2018\/06\/Vuelve-la-alfombra-roja-de-los-Upar-Awards-768x461.jpg 768w, https:\/\/uparawards.com.co\/wp-content\/uploads\/2018\/06\/Vuelve-la-alfombra-roja-de-los-Upar-Awards.jpg 1000w\" sizes=\"auto, (max-width: 757px) 100vw, 757px\" \/>[vc_empty_space height=\u00bb50px\u00bb][vc_column_text]Los encargados de elegir a los ganadores siguen siendo los seguidores y amantes de la m\u00fasica vallenata, quienes nuevamente podr\u00e1n desde las plataformas digitales votar por sus favoritos en las diferentes categor\u00edas.[\/vc_column_text][vc_empty_space height=\u00bb8px\u00bb][vc_empty_space height=\u00bb10px\u00bb][vc_column_text]Con estos detalles, la Fundaci\u00f3n Upar Awards anticipa lo que ser\u00e1 la noche del 27 de abril del a\u00f1o 2022, segunda gala de los premios para exaltar el talento, entrega y pasi\u00f3n de nuestro folclor vallenato.[\/vc_column_text][vc_empty_space height=\u00bb8px\u00bb]<\/p>\n<p>[vc_empty_space height=\u00bb11px\u00bb][vc_column_text]<\/p>\n<blockquote><p>\u201cEstamos contentos, hay gran expectativa sobre esta segunda entrega, como Fundaci\u00f3n prometemos superar la misma, nos hemos preparado para ello y vamos a tener nueva presentadora, reforzaremos las categor\u00edas, la t\u00e9cnica de votaci\u00f3n, en fin, lo que se vienen son nuevos detalles\u201d, expres\u00f3 Jos\u00e9 Fernando Romero, cofundador.<\/p><\/blockquote>\n<p>[\/vc_column_text][vc_empty_space height=\u00bb50px\u00bb]<\/p>\n<p>[vc_empty_space height=\u00bb8px\u00bb][vc_empty_space height=\u00bb10px\u00bb][vc_column_text]<\/p>\n<p style=\"font-weight: 400; text-align: center;\"><strong>Katherine Juliana Mu\u00f1oz L\u00f3pez<\/strong><\/p>\n<p style=\"font-weight: 400; text-align: center;\"><strong>Comunicadora Social<\/strong><\/p>\n<p style=\"font-weight: 400; text-align: center;\"><strong>Universidad de Pamplona<\/strong><\/p>\n<p>[\/vc_column_text][vc_empty_space height=\u00bb8px\u00bb]<\/p>\n<p>[\/vc_column][\/vc_row]<\/p>\n","protected":false},"excerpt":{"rendered":"<p>Lorem Ipsum. Proin gravida nibh vel velit auctor aliquet. Aenean sollicitudin, lorem quis bibendum auctorelit consequat ipsum, nec sagittis sem nibh id elit. Duis sed odio sit amet nibh vulputate cursus a sit amet mauris. Morbi accumsan ipsum velit. Nam nec tellus a odio tincidunt auctor a ornare odio. Sed non mauris vitae erat consequat auctor eu in elit. Class aptent taciti sociosqu ad litora torquent per conubia nostra per inceptos himenaeos. Mauris in erat justo. Nullam ac urna eu felis dapibus condimentum sit amet a augue. Sed non neque elit. Sed ut imperdiet nisi. Proin condimentum fermentum nunc. Etiam pharetra, erat sed fermentum feugiat, velit mauris egestas quam, ut aliquam massa nisl quis neque. Suspendisse in orci enim. Erat consequat auctor eu in elit. Class aptent taciti sociosqu ad litora torquent per conubia nostra per inceptos himenaeos. Mauris in erat justo. Nullam ac urna eu felis dapibus condimentum sit amet a augue. Sed non neque elit. Sed ut imperdiet nisi. Proin condimentum fermentum nunc.<\/p>\n","protected":false},"author":1,"featured_media":3653,"comment_status":"open","ping_status":"open","sticky":false,"template":"","format":"standard","meta":{"footnotes":""},"categories":[47],"tags":[],"class_list":["post-465","post","type-post","status-publish","format-standard","has-post-thumbnail","hentry","category-uparawards-2022"],"_links":{"self":[{"href":"https:\/\/uparawards.com.co\/index.php?rest_route=\/wp\/v2\/posts\/465","targetHints":{"allow":["GET"]}}],"collection":[{"href":"https:\/\/uparawards.com.co\/index.php?rest_route=\/wp\/v2\/posts"}],"about":[{"href":"https:\/\/uparawards.com.co\/index.php?rest_route=\/wp\/v2\/types\/post"}],"author":[{"embeddable":true,"href":"https:\/\/uparawards.com.co\/index.php?rest_route=\/wp\/v2\/users\/1"}],"replies":[{"embeddable":true,"href":"https:\/\/uparawards.com.co\/index.php?rest_route=%2Fwp%2Fv2%2Fcomments&post=465"}],"version-history":[{"count":16,"href":"https:\/\/uparawards.com.co\/index.php?rest_route=\/wp\/v2\/posts\/465\/revisions"}],"predecessor-version":[{"id":3812,"href":"https:\/\/uparawards.com.co\/index.php?rest_route=\/wp\/v2\/posts\/465\/revisions\/3812"}],"wp:featuredmedia":[{"embeddable":true,"href":"https:\/\/uparawards.com.co\/index.php?rest_route=\/wp\/v2\/media\/3653"}],"wp:attachment":[{"href":"https:\/\/uparawards.com.co\/index.php?rest_route=%2Fwp%2Fv2%2Fmedia&parent=465"}],"wp:term":[{"taxonomy":"category","embeddable":true,"href":"https:\/\/uparawards.com.co\/index.php?rest_route=%2Fwp%2Fv2%2Fcategories&post=465"},{"taxonomy":"post_tag","embeddable":true,"href":"https:\/\/uparawards.com.co\/index.php?rest_route=%2Fwp%2Fv2%2Ftags&post=465"}],"curies":[{"name":"wp","href":"https:\/\/api.w.org\/{rel}","templated":true}]}}