
{"id":3939,"date":"2023-04-11T14:01:43","date_gmt":"2023-04-11T14:01:43","guid":{"rendered":"https:\/\/uparawards.com.co\/?p=3939"},"modified":"2023-04-18T22:50:46","modified_gmt":"2023-04-18T22:50:46","slug":"la-fundacion-upar-awards-anuncia-a-los-anfitriones-de-los-premios-upar-2023-los-reconocidos-carlos-calero-y-laura-tobon","status":"publish","type":"post","link":"https:\/\/uparawards.com.co\/?p=3939","title":{"rendered":"La Fundaci\u00f3n Upar Awards anuncia a los anfitriones de los Premios Upar 2023, los reconocidos Carlos Calero y Laura Tob\u00f3n"},"content":{"rendered":"<h4>\u00a1SE ACERCA EL D\u00cdA DE CELEBRAR LA CULTURA VALLENATA!<\/h4>\n<p><strong><em>LA FUNDACI\u00d3N UPAR AWARDS ULTIMA LOS DETALLES DE LA CEREMONIA DE PREMIACI\u00d3N DE LOS \u00daNICOS GALARDONES AL FOLCLOR VALLENATO EN COLOMBIA, QUE TENDR\u00c1N COMO ANFITRIONES DE LA GALA A LOS RECONOCIDOS PRESENTADORES<\/em> CARLOS CALERO Y LAURA TOB\u00d3N.<\/strong><b><\/b><\/p>\n<p><em><strong>Y CONTAR\u00c1N CON LAS PRESENTACIONES MUSICALES DE LA BANDA DEL 5, MONO ZABALETA, WILFRAN CASTILLO Y MUCHOS M\u00c1S.<\/strong><\/em><\/p>\n<p>&nbsp;<\/p>\n<p class=\"p1\"><b>Las votaciones de los Upar Awards 2023 est\u00e1n abiertas hasta el domingo 23 de abril. El p\u00fablico podr\u00e1 elegir a sus favoritos a trav\u00e9s de la app Upar Awards disponible en Google Play y App Store.<\/b><\/p>\n<p>&nbsp;<\/p>\n<p class=\"p3\"><b>Valledupar, Colombia &#8211; 10 de abril de 2023. <\/b>Se acerca la fecha para la tercera entrega de los prestigiosos premios al folclor vallenato, Upar Awards. Los galardones que exaltan y reconocen a los mejores exponentes y agentes de la cultura vallenata en Colombia, ultiman los detalles de la ceremonia de premiaci\u00f3n que tendr\u00e1 lugar en el Centro de Convenciones Crisp\u00edn Villaz\u00f3n de Armas de Valledupar, el pr\u00f3ximo 25 de abril.<\/p>\n<p class=\"p3\">Para la edici\u00f3n 2023, la Fundaci\u00f3n Upar Awards se complace en anunciar a los anfitriones de la gala, los reconocidos <b>Carlos Calero y Laura Tob\u00f3n<\/b>, quienes gracias a su destacado trabajo como presentadores en medios de comunicaci\u00f3n, se han convertido en \u00edconos del entretenimiento colombiano.<\/p>\n<p class=\"p3\">Esta noche, en la que brillar\u00e1 el talento de quienes hacen posible la expansi\u00f3n del vallenato, contar\u00e1 con la calidez y el profesionalismo de estos presentadores que se han ganado el coraz\u00f3n de los colombianos en exitosos programas concurso especializados en m\u00fasica; en el caso del barranquillero Carlos Calero, ser host de La Descarga \u201cEl Templo de la M\u00fasica\u201d y de las \u00faltimas versiones de Yo Me Llamo, ha sido muy especial, pues ha logrado conectar con audiencias de todas las edades, que as\u00ed como \u00e9l, aman la m\u00fasica; adem\u00e1s, su fascinaci\u00f3n por el vallenato es evidente gracias a la cercan\u00eda de su tierra natal con este g\u00e9nero, patrimonio cultural inmaterial de la humanidad. Entre tanto, la bogotana Laura Tob\u00f3n con su experiencia como talento del canal internacional E! Entertainment Televisi\u00f3n y como anfitriona del programa colombiano La Voz Kids, conquist\u00f3 al p\u00fablico en el prime time; su empat\u00eda por las historias de vida de los m\u00e1s peque\u00f1os, sumada a su carisma, fueron determinantes para convertirse en la presentadora favorita de grandes y chicos.<\/p>\n<p class=\"p3\">A <b>Carlos Calero y Laura Tob\u00f3n<\/b>, se une la actriz valduparense <b>Carolina Duarte <\/b>como anfitriona de la alfombra de los Upar Awards 2023. La tambi\u00e9n escritora, presentadora y polit\u00f3loga en formaci\u00f3n, quien recientemente interpret\u00f3 el papel de Tomasa en la bioserie Leandro D\u00edaz, ser\u00e1 la encargada de recibir a los nominados e invitados especiales que engalanar\u00e1n con su paso por el tapete rojo, esta celebraci\u00f3n a la cultura vallenata.<\/p>\n<p class=\"p1\">En cuanto a la m\u00fasica, los Upar Awards 2023 anuncian a los primeros artistas que se presentar\u00e1n en la ceremonia de premiaci\u00f3n. El talento de <b>La Banda del 5<\/b>, nominada en las categor\u00edas \u201cMejor Agrupaci\u00f3n Juvenil Vallenata del A\u00f1o\u201d, \u201cMejor Agrupaci\u00f3n Show en Vivo Vallenato del A\u00f1o\u201d, \u201cMejor CD Vallenato del A\u00f1o\u201d y \u201cMejor Feat Vallenato del A\u00f1o\u201d, se podr\u00e1 disfrutar en vivo sobre el escenario del Centro de Convenciones Crisp\u00edn Villaz\u00f3n de Armas.<\/p>\n<p class=\"p1\">Por su parte, <b>Mono Zabaleta<\/b>, con dos nominaciones en las categor\u00edas \u201cMejor Agrupaci\u00f3n Profesional Vallenata del A\u00f1o\u201d y \u201cMejor Agrupaci\u00f3n Show en Vivo Vallenato del A\u00f1o\u201d, har\u00e1 un despliegue \u00fanico y nunca antes visto sobre la tarima de los premios al folclor vallenato.<\/p>\n<p class=\"p1\">Y el nominado como \u201cMejor Cantautor Vallenato del A\u00f1o\u201d, <b>Wilfran Castillo<\/b>, llegar\u00e1 con su inconfundible voz a este recinto que albergar\u00e1 a los mejores exponentes del g\u00e9nero en Colombia.<\/p>\n<p class=\"p1\">Para esta tercera edici\u00f3n de los Upar Awards, se premiar\u00e1n 35 categor\u00edas con m\u00e1s de 140 nominaciones, lo que habla muy bien del talento inigualable que hay en el pa\u00eds para la producci\u00f3n de m\u00fasica vallenata y tambi\u00e9n del fortalecimiento de la tradici\u00f3n.<\/p>\n<p class=\"p1\"><b>Las votaciones de los Upar Awards 2023<\/b> aumentan con los d\u00edas y estar\u00e1n abiertas hasta el <b>domingo 23 de abril<\/b>. El p\u00fablico podr\u00e1 elegir a sus favoritos a trav\u00e9s de la app Upar Awards disponible en Google Play y App Store.<\/p>\n<p>&nbsp;<\/p>\n<p class=\"p3\"><b>La producci\u00f3n general de los Upar Awards para esta tercera edici\u00f3n es de <\/b><b>Villal\u00f3n Entretenimiento<\/b><\/p>\n<p class=\"p3\"><b>Sigue la cuenta oficial en Instagram de los Premios al Folclor Vallenato como <\/b><a href=\"https:\/\/www.instagram.com\/uparawards\/\"><b>@uparawards<\/b><\/a><\/p>\n<p class=\"p5\"><span class=\"s1\"><b>Visita:<\/b> <\/span><b>uparawards.com.co<\/b><\/p>\n<p>&nbsp;<\/p>\n<p class=\"p3\"><b>Para informaci\u00f3n de prensa de Upar Awards en:<\/b><\/p>\n<p class=\"p3\"><b>PAOLA ESPA\u00d1A PRESS COMUNICACIONES ESTRAT\u00c9GICAS<\/b><\/p>\n<p class=\"p3\">Paola Espa\u00f1a<\/p>\n<p class=\"p3\">3105529818<\/p>\n<p class=\"p5\">paola@paolaespana.com<\/p>\n<p class=\"p3\">Ang\u00e9lica Salamanca<\/p>\n<p class=\"p3\">Coordinadora Editorial de Prensa<\/p>\n<p class=\"p5\"><a href=\"mailto:angelica@paolaespana.com\">angelica@paolaespana.com<\/a><\/p>\n<p class=\"p3\">Alejandra Aranzazu<\/p>\n<p class=\"p3\">L\u00edder de Prensa<\/p>\n<p class=\"p5\">alejandra@paolaespana.com<\/p>\n","protected":false},"excerpt":{"rendered":"<p>\u00a1SE ACERCA EL D\u00cdA DE CELEBRAR LA CULTURA VALLENATA! LA [&hellip;]<\/p>\n","protected":false},"author":1,"featured_media":3946,"comment_status":"open","ping_status":"open","sticky":false,"template":"","format":"standard","meta":{"footnotes":""},"categories":[48],"tags":[],"class_list":["post-3939","post","type-post","status-publish","format-standard","has-post-thumbnail","hentry","category-uparawards-2023"],"_links":{"self":[{"href":"https:\/\/uparawards.com.co\/index.php?rest_route=\/wp\/v2\/posts\/3939","targetHints":{"allow":["GET"]}}],"collection":[{"href":"https:\/\/uparawards.com.co\/index.php?rest_route=\/wp\/v2\/posts"}],"about":[{"href":"https:\/\/uparawards.com.co\/index.php?rest_route=\/wp\/v2\/types\/post"}],"author":[{"embeddable":true,"href":"https:\/\/uparawards.com.co\/index.php?rest_route=\/wp\/v2\/users\/1"}],"replies":[{"embeddable":true,"href":"https:\/\/uparawards.com.co\/index.php?rest_route=%2Fwp%2Fv2%2Fcomments&post=3939"}],"version-history":[{"count":4,"href":"https:\/\/uparawards.com.co\/index.php?rest_route=\/wp\/v2\/posts\/3939\/revisions"}],"predecessor-version":[{"id":3947,"href":"https:\/\/uparawards.com.co\/index.php?rest_route=\/wp\/v2\/posts\/3939\/revisions\/3947"}],"wp:featuredmedia":[{"embeddable":true,"href":"https:\/\/uparawards.com.co\/index.php?rest_route=\/wp\/v2\/media\/3946"}],"wp:attachment":[{"href":"https:\/\/uparawards.com.co\/index.php?rest_route=%2Fwp%2Fv2%2Fmedia&parent=3939"}],"wp:term":[{"taxonomy":"category","embeddable":true,"href":"https:\/\/uparawards.com.co\/index.php?rest_route=%2Fwp%2Fv2%2Fcategories&post=3939"},{"taxonomy":"post_tag","embeddable":true,"href":"https:\/\/uparawards.com.co\/index.php?rest_route=%2Fwp%2Fv2%2Ftags&post=3939"}],"curies":[{"name":"wp","href":"https:\/\/api.w.org\/{rel}","templated":true}]}}