
{"id":3877,"date":"2023-03-28T11:30:25","date_gmt":"2023-03-28T11:30:25","guid":{"rendered":"http:\/\/uparawards.com.co\/?p=3877"},"modified":"2023-03-28T23:35:55","modified_gmt":"2023-03-28T23:35:55","slug":"upar-awards-revelara-su-lista-de-nominados-2023","status":"publish","type":"post","link":"https:\/\/uparawards.com.co\/?p=3877","title":{"rendered":"Conoce la Lista de Nominados de los Upar Awards 2023"},"content":{"rendered":"<p style=\"font-weight: 400;\"><strong>LOS PRESTIGIOSOS PREMIOS AL FOLCLOR VALLENATO\u00a0<\/strong><strong>SE COMPLACEN EN ANUNCIAR A LOS NOMINADOS\u00a0<\/strong><strong>PARA SU TERCERA EDICI\u00d3N<\/strong><\/p>\n<p style=\"font-weight: 400;\"><strong>35 CATEGOR\u00cdAS CON M\u00c1S DE 140 NOMINACIONES EXALTAN LA CULTURA VALLENATA Y A QUIENES HACEN POSIBLE LA EXPANSI\u00d3N DEL G\u00c9NERO<\/strong><\/p>\n<p style=\"font-weight: 400;\"><strong>EL CENTRO DE CONVENCIONES CRISP\u00cdN VILLAZ\u00d3N DE ARMAS, EN LA CIUDAD DE VALLEDUPAR, SER\u00c1 EL ESCENARIO DE LA CEREMONIA DE PREMIACI\u00d3N QUE SE REALIZAR\u00c1 EL PR\u00d3XIMO 25 DE ABRIL.<\/strong><\/p>\n<p>&nbsp;<\/p>\n<p style=\"font-weight: 400;\"><strong>Las votaciones est\u00e1n abiertas desde hoy, 28 de marzo, y hasta el domingo 23 de abril. El p\u00fablico podr\u00e1 elegir a sus favoritos a trav\u00e9s de la app Upar Awards disponible en Google Play y App Store.<\/strong><\/p>\n<p style=\"font-weight: 400;\"><strong>\u00a0<\/strong><\/p>\n<p style=\"font-weight: 400;\"><strong>Valledupar, Colombia &#8211; 28 de marzo de 2023. <\/strong>Declarado por la UNESCO como patrimonio cultural inmaterial de la humanidad, el vallenato, es una expresi\u00f3n musical de tradici\u00f3n que acerca a los colombianos a sus ra\u00edces; con el paso del tiempo, el inconfundible talento de los juglares hizo que dejara de ser un g\u00e9nero exclusivo de la regi\u00f3n caribe, para recorrer con su sonido aut\u00f3ctono cada rinc\u00f3n del pa\u00eds. Compositores, m\u00fasicos, productores e int\u00e9rpretes, han hecho una labor tit\u00e1nica para exportar el vallenato y que el mundo identifique a Colombia por la magia de la caja, la guacharaca y el acorde\u00f3n.<\/p>\n<p style=\"font-weight: 400;\">Este \u201cpatrimonio vivo\u201d y su preservaci\u00f3n, son la raz\u00f3n de ser de la Fundaci\u00f3n Upar Awards, organizaci\u00f3n que trabaja incansablemente por proteger el g\u00e9nero y exaltar a quienes hacen posible su expansi\u00f3n. Por esta raz\u00f3n, la tercera edici\u00f3n de los <strong>Upar Awards<\/strong>, ser\u00e1 una gala sin igual en la que los diferentes agentes de la cultura vallenata se reunir\u00e1n para celebrar a los mejores exponentes y gestores de 2023.<\/p>\n<p style=\"font-weight: 400;\">El centro de convenciones Crisp\u00edn Villaz\u00f3n de Armas, ser\u00e1 el escenario de la ceremonia de premiaci\u00f3n de los <strong>Upar Awards<\/strong>, que se realizar\u00e1 el pr\u00f3ximo 25 de abril en la ciudad de Valledupar, y que contar\u00e1 con la participaci\u00f3n especial de Silvestre Dangond quien ser\u00e1 homenajeado como \u201cPersonaje del A\u00f1o 2023\u201d.<\/p>\n<p style=\"font-weight: 400;\">Para esta tercera edici\u00f3n de los <strong>Upar Awards<\/strong>, se premiar\u00e1n 35 categor\u00edas con m\u00e1s de 140 nominaciones, lo que habla muy bien del talento inigualable que hay en Colombia para la producci\u00f3n de m\u00fasica vallenata y tambi\u00e9n del fortalecimiento de la tradici\u00f3n.<\/p>\n<p style=\"font-weight: 400;\">Las votaciones est\u00e1n abiertas desde hoy, 28 de marzo, y hasta el domingo 23 de abril. El p\u00fablico podr\u00e1 elegir a sus favoritos a trav\u00e9s de la app Upar Awards disponible en Google Play y App Store.<\/p>\n<p>&nbsp;<\/p>\n<blockquote>\n<h4 style=\"font-weight: 400;\"><strong><u>AQU\u00cd EST\u00c1N LOS NOMINADOS A LOS UPAR AWARDS 2023<\/u><\/strong><\/h4>\n<\/blockquote>\n<p style=\"font-weight: 400;\"><strong>\u00a0<\/strong><\/p>\n<ol>\n<li style=\"font-weight: 400;\"><strong> Categor\u00eda: Mejor Agrupaci\u00f3n Internacional Vallenata del A\u00f1o <\/strong><\/li>\n<\/ol>\n<p style=\"font-weight: 400;\">Nominados<\/p>\n<ul>\n<li>Los Inquietos del Vallenato<\/li>\n<li>Jorge Celed\u00f3n<\/li>\n<li>Alex Manga<\/li>\n<li>Jean Carlos Centeno<\/li>\n<\/ul>\n<p>&nbsp;<\/p>\n<ol start=\"2\">\n<li style=\"font-weight: 400;\"><strong> Categor\u00eda: Mejor Agrupaci\u00f3n De M\u00fasica Tradicional Vallenata del A\u00f1o<\/strong><\/li>\n<\/ol>\n<p style=\"font-weight: 400;\">Nominados<\/p>\n<ul>\n<li style=\"font-weight: 400;\">Iv\u00e1n Villaz\u00f3n<\/li>\n<li style=\"font-weight: 400;\">Alberto \u201cBeto\u201d Zabaleta<\/li>\n<li style=\"font-weight: 400;\">Tom\u00e1s Alfonso \u201cPoncho\u00bb Zuleta<\/li>\n<li style=\"font-weight: 400;\">Farid Ortiz<\/li>\n<\/ul>\n<p style=\"font-weight: 400;\"><strong>\u00a0<\/strong><\/p>\n<ol start=\"3\">\n<li style=\"font-weight: 400;\"><strong> Categor\u00eda: Mejor Cantante Femenina Vallenata del A\u00f1o<\/strong><\/li>\n<\/ol>\n<p style=\"font-weight: 400;\">Nominados:<\/p>\n<ul>\n<li style=\"font-weight: 400;\">Margarita Doria<\/li>\n<li style=\"font-weight: 400;\">Karen Lizarazo<\/li>\n<li style=\"font-weight: 400;\">Natalia C\u00farvelo<\/li>\n<li style=\"font-weight: 400;\">Summer Vega<\/li>\n<\/ul>\n<p style=\"font-weight: 400;\"><strong>\u00a0<\/strong><\/p>\n<ol start=\"4\">\n<li style=\"font-weight: 400;\"><strong> Categor\u00eda: Mejor Agrupaci\u00f3n Profesional Vallenata del A\u00f1o<\/strong><\/li>\n<\/ol>\n<p style=\"font-weight: 400;\">Nominados:<\/p>\n<ul>\n<li style=\"font-weight: 400;\">Elder Day\u00e1n D\u00edaz<\/li>\n<li style=\"font-weight: 400;\">Jorge Iv\u00e1n \u2018El Churo\u2019 D\u00edaz<\/li>\n<li style=\"font-weight: 400;\">Mono Zabaleta<\/li>\n<li style=\"font-weight: 400;\">Ana del Castillo<\/li>\n<\/ul>\n<p style=\"font-weight: 400;\"><strong>\u00a0<\/strong><\/p>\n<ol start=\"5\">\n<li style=\"font-weight: 400;\"><strong> Categor\u00eda: Mejor Agrupaci\u00f3n Juvenil Vallenata del A\u00f1o <\/strong><\/li>\n<\/ol>\n<p style=\"font-weight: 400;\">Nominados:<\/p>\n<ul>\n<li style=\"font-weight: 400;\">La Banda del 5<\/li>\n<li style=\"font-weight: 400;\">Yader Romero y Campillo<\/li>\n<li style=\"font-weight: 400;\">Oscar Gamarra y Camilo Carvajal<\/li>\n<li style=\"font-weight: 400;\">Daniel Restrepo y Nico White<\/li>\n<\/ul>\n<p>&nbsp;<\/p>\n<ol start=\"6\">\n<li style=\"font-weight: 400;\"><strong> Categor\u00eda: Mejor Agrupaci\u00f3n Show en Vivo Vallenato del A\u00f1o <\/strong><\/li>\n<\/ol>\n<p style=\"font-weight: 400;\">Nominados:<\/p>\n<ul>\n<li style=\"font-weight: 400;\">Mono Zabaleta<\/li>\n<li style=\"font-weight: 400;\">Elder Day\u00e1n D\u00edaz<\/li>\n<li style=\"font-weight: 400;\">La Banda del 5<\/li>\n<li style=\"font-weight: 400;\">Diego Daza<\/li>\n<\/ul>\n<p style=\"font-weight: 400;\"><strong>\u00a0<\/strong><strong>\u00a0<\/strong><\/p>\n<ol start=\"7\">\n<li style=\"font-weight: 400;\"><strong> Categor\u00eda: Mejor Cantante Vallenato Rom\u00e1ntico del A\u00f1o<\/strong><\/li>\n<\/ol>\n<p style=\"font-weight: 400;\">Nominados:<\/p>\n<ul>\n<li style=\"font-weight: 400;\">Jean Carlos Centeno<\/li>\n<li style=\"font-weight: 400;\">Nelson Vel\u00e1squez<\/li>\n<li style=\"font-weight: 400;\">Osmar P\u00e9rez<\/li>\n<li style=\"font-weight: 400;\">H\u00e9bert Vargas<\/li>\n<\/ul>\n<p>&nbsp;<\/p>\n<ol start=\"8\">\n<li style=\"font-weight: 400;\"><strong> Categor\u00eda: Mejor Cantautor Vallenato del<\/strong> <strong>A\u00f1o<\/strong><\/li>\n<\/ol>\n<p style=\"font-weight: 400;\">\u00a0Nominados:<\/p>\n<ul>\n<li style=\"font-weight: 400;\">Fabi\u00e1n Corrales<\/li>\n<li style=\"font-weight: 400;\">Iv\u00e1n Ovalle<\/li>\n<li style=\"font-weight: 400;\">Jos\u00e9 Alfonso \u2018Chiche\u2019 Maestre<\/li>\n<li style=\"font-weight: 400;\">Wilfran Castillo<\/li>\n<\/ul>\n<p>&nbsp;<\/p>\n<ol start=\"9\">\n<li style=\"font-weight: 400;\"><strong> Categor\u00eda: Mejor Manager Vallenato del A\u00f1o<\/strong><\/li>\n<\/ol>\n<p style=\"font-weight: 400;\">Nominados:<\/p>\n<ul>\n<li style=\"font-weight: 400;\">Carlos Via\u00f1a<\/li>\n<li style=\"font-weight: 400;\">Rafael Orozco \u2013 Osman Hinojosa<\/li>\n<li style=\"font-weight: 400;\">Rafael Rico \u2013 Joaqu\u00edn Guill\u00e9n JR<\/li>\n<li style=\"font-weight: 400;\">Erick Ger\u00f3nimo<\/li>\n<\/ul>\n<p>&nbsp;<\/p>\n<ol start=\"10\">\n<li style=\"font-weight: 400;\"><strong> Categor\u00eda: Mejor Acordeonero de M\u00fasica Tradicional Vallenata del A\u00f1o <\/strong><\/li>\n<\/ol>\n<p style=\"font-weight: 400;\">Nominados:<\/p>\n<ul>\n<li style=\"font-weight: 400;\">Israel Romero<\/li>\n<li style=\"font-weight: 400;\">Franco Arg\u00fcelles<\/li>\n<li style=\"font-weight: 400;\">Gonzalo Arturo \u2018El Cocha\u2019 Molina<\/li>\n<li style=\"font-weight: 400;\">\u00c1lvaro L\u00f3pez<\/li>\n<\/ul>\n<p style=\"font-weight: 400;\"><strong>\u00a0<\/strong><\/p>\n<ol start=\"11\">\n<li style=\"font-weight: 400;\"><strong> Categor\u00eda: Mejor Acordeonero Juvenil Vallenato del A\u00f1o<\/strong><\/li>\n<\/ol>\n<p style=\"font-weight: 400;\">Nominados:<\/p>\n<ul>\n<li style=\"font-weight: 400;\">Jafid Nazar<\/li>\n<li style=\"font-weight: 400;\">Roberto Kammerer<\/li>\n<li style=\"font-weight: 400;\">Camilo Carvajal<\/li>\n<li style=\"font-weight: 400;\">Augusto Carlos \u201cTuto\u201d L\u00f3pez<\/li>\n<\/ul>\n<p>&nbsp;<\/p>\n<ol start=\"12\">\n<li style=\"font-weight: 400;\"><strong> Categor\u00eda: Mejor Acordeonero Profesional Vallenato del A\u00f1o<\/strong><\/li>\n<\/ol>\n<p style=\"font-weight: 400;\">Nominados:<\/p>\n<ul>\n<li style=\"font-weight: 400;\">Lucas Dangond<\/li>\n<li style=\"font-weight: 400;\">Carlos Rueda<\/li>\n<li style=\"font-weight: 400;\">Ronal Urbina<\/li>\n<li style=\"font-weight: 400;\">Daniel Maestre<\/li>\n<\/ul>\n<p>&nbsp;<\/p>\n<ol start=\"13\">\n<li style=\"font-weight: 400;\"><strong> Categor\u00eda: Mejor Corista Primera Voz Vallenato del A\u00f1o<\/strong><\/li>\n<\/ol>\n<p style=\"font-weight: 400;\">\u00a0Nominados:<\/p>\n<ul>\n<li style=\"font-weight: 400;\">Mar\u00eda Jos\u00e9 Ospino<\/li>\n<li style=\"font-weight: 400;\">Adel Cort\u00e9s<\/li>\n<li style=\"font-weight: 400;\">Jhojana Acu\u00f1a<\/li>\n<li style=\"font-weight: 400;\">William Cata\u00f1o<\/li>\n<\/ul>\n<p>&nbsp;<\/p>\n<ol start=\"14\">\n<li style=\"font-weight: 400;\"><strong> Categor\u00eda: Mejor Corista Segunda Voz Vallenato del A\u00f1o<\/strong><\/li>\n<\/ol>\n<p style=\"font-weight: 400;\">Nominados:<\/p>\n<ul>\n<li style=\"font-weight: 400;\">Marlon Barros<\/li>\n<li style=\"font-weight: 400;\">Freddy Moya<\/li>\n<li style=\"font-weight: 400;\">Fabio Ovalle<\/li>\n<li style=\"font-weight: 400;\">Luis \u00c1ngel Cabana<\/li>\n<\/ul>\n<p>&nbsp;<\/p>\n<ol start=\"15\">\n<li style=\"font-weight: 400;\"><strong> Categor\u00eda: Mejor Guitarrista Vallenato del A\u00f1o <\/strong><\/li>\n<\/ol>\n<p style=\"font-weight: 400;\">Nominados:<\/p>\n<ul>\n<li style=\"font-weight: 400;\">Eugenio \u201cGe\u00f1o\u201d G\u00e1mez<\/li>\n<li style=\"font-weight: 400;\">Ariel Bautista<\/li>\n<li style=\"font-weight: 400;\">Adri\u00e1n Ustariz<\/li>\n<li style=\"font-weight: 400;\">Rafael Manjarr\u00e9s<\/li>\n<\/ul>\n<p>&nbsp;<\/p>\n<ol start=\"16\">\n<li style=\"font-weight: 400;\"><strong> Categor\u00eda: Mejor Bajista Vallenato del A\u00f1o <\/strong><\/li>\n<\/ol>\n<p style=\"font-weight: 400;\">Nominados:<\/p>\n<ul>\n<li style=\"font-weight: 400;\">Nemecio G\u00f3mez<\/li>\n<li style=\"font-weight: 400;\">Miguel Morales<\/li>\n<li style=\"font-weight: 400;\">Erichs Mart\u00ednez<\/li>\n<li style=\"font-weight: 400;\">Marlon Guti\u00e9rrez<\/li>\n<\/ul>\n<p>&nbsp;<\/p>\n<ol start=\"17\">\n<li style=\"font-weight: 400;\"><strong> Categor\u00eda: Mejor Pianista Vallenato del A\u00f1o<\/strong><\/li>\n<\/ol>\n<p style=\"font-weight: 400;\">Nominados:<\/p>\n<ul>\n<li style=\"font-weight: 400;\">Larry Vanegas<\/li>\n<li style=\"font-weight: 400;\">Britt Fernando Amador<\/li>\n<li style=\"font-weight: 400;\">Emmanuel Fern\u00e1ndez<\/li>\n<li style=\"font-weight: 400;\">Jorge Sandoval<\/li>\n<\/ul>\n<p>&nbsp;<\/p>\n<ol start=\"18\">\n<li style=\"font-weight: 400;\"><strong> Categor\u00eda: Mejor Timbalero Vallenato del A\u00f1o <\/strong><\/li>\n<\/ol>\n<p style=\"font-weight: 400;\">Nominados:<\/p>\n<ul>\n<li style=\"font-weight: 400;\">Sebasti\u00e1n Cotes<\/li>\n<li style=\"font-weight: 400;\">Juan Manuel Cuello<\/li>\n<li style=\"font-weight: 400;\">Felipe Noriega<\/li>\n<li style=\"font-weight: 400;\">Luis Holgu\u00edn<\/li>\n<\/ul>\n<p>&nbsp;<\/p>\n<ol start=\"19\">\n<li style=\"font-weight: 400;\"><strong> Categor\u00eda: Mejor Compositor Vallenato del A\u00f1o<\/strong><\/li>\n<\/ol>\n<p style=\"font-weight: 400;\">Nominados<\/p>\n<ul>\n<li style=\"font-weight: 400;\">Carlos Amaris<\/li>\n<li style=\"font-weight: 400;\">Marco Romero<\/li>\n<li style=\"font-weight: 400;\">Rafael \u00abTito\u00bb Manjarr\u00e9s<\/li>\n<li style=\"font-weight: 400;\">Roberto y Alberto Kammerer<\/li>\n<\/ul>\n<p>&nbsp;<\/p>\n<ol start=\"20\">\n<li style=\"font-weight: 400;\"><strong> Categor\u00eda: Mejor Canci\u00f3n Vallenata del A\u00f1o<\/strong><\/li>\n<\/ol>\n<p style=\"font-weight: 400;\">Nominados<\/p>\n<ul>\n<li style=\"font-weight: 400;\">Modo Avi\u00f3n \u2013 Marco Romero<\/li>\n<li style=\"font-weight: 400;\">Ay Ay Ay \u2013 Roland Valbuena JR<\/li>\n<li style=\"font-weight: 400;\">La Rompecorazones \u2013 Alberto Kammerer<\/li>\n<li style=\"font-weight: 400;\">Lleg\u00f3 el Churismo \u2013 Breiner Guti\u00e9rrez<\/li>\n<\/ul>\n<p>&nbsp;<\/p>\n<ol start=\"21\">\n<li style=\"font-weight: 400;\"><strong> Categor\u00eda: Mejor CD Vallenato del A\u00f1o <\/strong><\/li>\n<\/ol>\n<p style=\"font-weight: 400;\">Nominados<\/p>\n<ul>\n<li style=\"font-weight: 400;\">Se Va Formando (La Banda del 5)<\/li>\n<li style=\"font-weight: 400;\">Para Ustedes (Elder Day\u00e1n D\u00edaz)<\/li>\n<li style=\"font-weight: 400;\">Pedro (Peter Manjarr\u00e9s)<\/li>\n<li style=\"font-weight: 400;\">El Vallenato Vive (Rafa P\u00e9rez)<\/li>\n<\/ul>\n<p>&nbsp;<\/p>\n<ol start=\"22\">\n<li style=\"font-weight: 400;\"><strong> Categor\u00eda: Mejor Cajero Vallenato del A\u00f1o <\/strong><\/li>\n<\/ol>\n<p style=\"font-weight: 400;\">Nominados<\/p>\n<ul>\n<li style=\"font-weight: 400;\">Marcos Pe\u00f1aranda<\/li>\n<li style=\"font-weight: 400;\">Nando Gaviria<\/li>\n<li style=\"font-weight: 400;\">Carlos L\u00f3pez<\/li>\n<li style=\"font-weight: 400;\">Luis Azabache<\/li>\n<\/ul>\n<p>&nbsp;<\/p>\n<ol start=\"23\">\n<li style=\"font-weight: 400;\"><strong> Categor\u00eda: Mejor Guacharaquero Vallenato del A\u00f1o<\/strong><\/li>\n<\/ol>\n<p style=\"font-weight: 400;\">Nominados<\/p>\n<ul>\n<li style=\"font-weight: 400;\">Kenel Yancy<\/li>\n<li style=\"font-weight: 400;\">Felipe Centeno<\/li>\n<li style=\"font-weight: 400;\">Andrws Noel<\/li>\n<li style=\"font-weight: 400;\">Juan Carlos Campillo<\/li>\n<\/ul>\n<p>&nbsp;<\/p>\n<ol start=\"24\">\n<li style=\"font-weight: 400;\"><strong> Categor\u00eda: Mejor Conguero Vallenato del A\u00f1o<\/strong><\/li>\n<\/ol>\n<p style=\"font-weight: 400;\">Nominados<\/p>\n<ul>\n<li style=\"font-weight: 400;\">Ober Barreto<\/li>\n<li style=\"font-weight: 400;\">Ronny Rojano<\/li>\n<li style=\"font-weight: 400;\">Juan Melgarejo<\/li>\n<li style=\"font-weight: 400;\">Jos\u00e9 Cervantes<\/li>\n<\/ul>\n<p>&nbsp;<\/p>\n<ol start=\"25\">\n<li style=\"font-weight: 400;\"><strong> Categor\u00eda: Mejor Ingeniero de Sonido Vallenato del A\u00f1o <\/strong><\/li>\n<\/ol>\n<p style=\"font-weight: 400;\">Nominados<\/p>\n<ul>\n<li style=\"font-weight: 400;\">Jaider Guerra<\/li>\n<li style=\"font-weight: 400;\">Carlos Andr\u00e9s Barros<\/li>\n<li style=\"font-weight: 400;\">Eliseo Medina<\/li>\n<li style=\"font-weight: 400;\">Yunis Pe\u00f1a<\/li>\n<\/ul>\n<p>&nbsp;<\/p>\n<ol start=\"26\">\n<li style=\"font-weight: 400;\"><strong> Categor\u00eda: Mejor Locutor Vallenato del A\u00f1o<\/strong><\/li>\n<\/ol>\n<p style=\"font-weight: 400;\">Nominados<\/p>\n<ul>\n<li style=\"font-weight: 400;\">Edilberto C\u00e1rdenas<\/li>\n<li style=\"font-weight: 400;\">Al\u00ed Guerrero<\/li>\n<li style=\"font-weight: 400;\">Korak P\u00e9rez<\/li>\n<li style=\"font-weight: 400;\">\u00c1lvaro \u00c1lvarez<\/li>\n<li style=\"font-weight: 400;\">Javier Fern\u00e1ndez<\/li>\n<li style=\"font-weight: 400;\">Marlon Escobar<\/li>\n<li style=\"font-weight: 400;\">Dalia Bernal<\/li>\n<\/ul>\n<p>&nbsp;<\/p>\n<ol start=\"27\">\n<li style=\"font-weight: 400;\"><strong> Categor\u00eda: Mejor Productor Vallenato del A\u00f1o<\/strong><\/li>\n<\/ol>\n<p style=\"font-weight: 400;\">Nominados:<\/p>\n<ul>\n<li style=\"font-weight: 400;\">Juan Pablo Aconcha<\/li>\n<li style=\"font-weight: 400;\">Iv\u00e1n Calder\u00f3n<\/li>\n<li style=\"font-weight: 400;\">Omar Geles<\/li>\n<li style=\"font-weight: 400;\">Erichs Mart\u00ednez<\/li>\n<\/ul>\n<p>&nbsp;<\/p>\n<ol start=\"28\">\n<li style=\"font-weight: 400;\"><strong> Categor\u00eda: Mejor Agrupaci\u00f3n Vallenato G\u00f3spel del A\u00f1o<\/strong><\/li>\n<\/ol>\n<p style=\"font-weight: 400;\">Nominados:<\/p>\n<ul>\n<li style=\"font-weight: 400;\">Promesa<\/li>\n<li style=\"font-weight: 400;\">Dagoberto Osorio<\/li>\n<li style=\"font-weight: 400;\">Los Hijos del Rey<\/li>\n<li style=\"font-weight: 400;\">Jesualdo Bola\u00f1o<\/li>\n<\/ul>\n<p>&nbsp;<\/p>\n<ol start=\"29\">\n<li style=\"font-weight: 400;\"><strong>Categor\u00eda: Mejor Manejo de Redes Vallenato del A\u00f1o<\/strong><\/li>\n<\/ol>\n<p style=\"font-weight: 400;\">Nominados:<\/p>\n<ul>\n<li style=\"font-weight: 400;\">Luifer Cuello<\/li>\n<li style=\"font-weight: 400;\">Orlando Li\u00f1\u00e1n<\/li>\n<li style=\"font-weight: 400;\">Peter Manjarr\u00e9s<\/li>\n<li style=\"font-weight: 400;\">Diego Daza<\/li>\n<\/ul>\n<p style=\"font-weight: 400;\"><strong>\u00a0<\/strong><\/p>\n<ol start=\"30\">\n<li style=\"font-weight: 400;\"><strong> Categor\u00eda Mejor Feat Vallenato del A\u00f1o<\/strong><\/li>\n<\/ol>\n<p style=\"font-weight: 400;\">Nominados:<\/p>\n<ul>\n<li style=\"font-weight: 400;\">D\u00e9jala Ir (Jorge Celed\u00f3n y Jean Carlos Centeno)<\/li>\n<li style=\"font-weight: 400;\">310 (La Banda del 5 y Diego Daza)<\/li>\n<li style=\"font-weight: 400;\">Hermanito Lindo (Peter Manjarr\u00e9s y Poncho Zuleta)<\/li>\n<li style=\"font-weight: 400;\">As\u00ed es la Vida (Jorge Pabuena y H\u00e9bert Vargas)<\/li>\n<\/ul>\n<p>&nbsp;<\/p>\n<ol start=\"31\">\n<li style=\"font-weight: 400;\"><strong> Categor\u00eda Mejor Acordeonero l\u00edder Vallenato del A\u00f1o <\/strong><\/li>\n<\/ol>\n<p style=\"font-weight: 400;\">Nominados:<\/p>\n<ul>\n<li style=\"font-weight: 400;\">Juan Mario de La Espriella<\/li>\n<li style=\"font-weight: 400;\">Jos\u00e9 Fernando \u2018El Morre\u2019 Romero<\/li>\n<li style=\"font-weight: 400;\">Rolando Ochoa<\/li>\n<li style=\"font-weight: 400;\">Sa\u00fal Lallemand<\/li>\n<\/ul>\n<p>&nbsp;<\/p>\n<ol start=\"32\">\n<li style=\"font-weight: 400;\"><strong> Categor\u00eda: Mejor Agrupaci\u00f3n Extranjera Vallenata del A\u00f1o<\/strong><\/li>\n<\/ol>\n<p style=\"font-weight: 400;\">Nominados:<\/p>\n<ul>\n<li style=\"font-weight: 400;\">Erik Joao<\/li>\n<li style=\"font-weight: 400;\">Grupo Decibel<\/li>\n<li style=\"font-weight: 400;\">El Pr\u00edncipe Jair<\/li>\n<li style=\"font-weight: 400;\">Luis Contreras<\/li>\n<\/ul>\n<p>&nbsp;<\/p>\n<ol start=\"33\">\n<li style=\"font-weight: 400;\"><strong> Categor\u00eda: Mejor Video Vallenato del A\u00f1o<\/strong><\/li>\n<\/ol>\n<p style=\"font-weight: 400;\">Nominados:<\/p>\n<ul>\n<li style=\"font-weight: 400;\">Yo soy tu cielo (Los Diablitos) \u2013 Bryan Cuadro<\/li>\n<li style=\"font-weight: 400;\">Me Vale V*** (Peter Manjarr\u00e9s) \u2013 Felipe \u00c1lvarez<\/li>\n<li style=\"font-weight: 400;\">Modo Avi\u00f3n (Elder Dayan) \u2013 Orlando Franco<\/li>\n<li style=\"font-weight: 400;\">D\u00e9jala ir (Jean Carlos Centeno y Jorge Celed\u00f3n) \u2013 Gustavo Camacho<\/li>\n<\/ul>\n<p>&nbsp;<\/p>\n<ol start=\"34\">\n<li style=\"font-weight: 400;\"><strong> Categor\u00eda: Mejor Empresario Vallenato del A\u00f1o<\/strong><\/li>\n<\/ol>\n<p style=\"font-weight: 400;\">Nominados:<\/p>\n<ul>\n<li style=\"font-weight: 400;\">Lino Villalobos<\/li>\n<li style=\"font-weight: 400;\">Wilfred Peinado \u00abMijito Lindo\u00bb<\/li>\n<li style=\"font-weight: 400;\">Assita Feris<\/li>\n<li style=\"font-weight: 400;\">Humberto Pinz\u00f3n<\/li>\n<\/ul>\n<p>&nbsp;<\/p>\n<ol start=\"35\">\n<li style=\"font-weight: 400;\"><strong>Categor\u00eda: Mejor Instrumento de Viento Vallenato del A\u00f1o<\/strong><\/li>\n<\/ol>\n<p style=\"font-weight: 400;\">Nominados:<\/p>\n<ul>\n<li style=\"font-weight: 400;\">Kleiver Dom\u00ednguez<\/li>\n<li style=\"font-weight: 400;\">\u00c1lvaro Araujo<\/li>\n<li style=\"font-weight: 400;\">Jos\u00e9 G\u00f3mez<\/li>\n<li style=\"font-weight: 400;\">Martin Tordoya<\/li>\n<\/ul>\n<p>&nbsp;<\/p>\n<p style=\"font-weight: 400;\"><strong>La producci\u00f3n general de los Upar Awards para esta tercera edici\u00f3n es de <\/strong><strong>Villal\u00f3n Entretenimiento.<\/strong><\/p>\n<p>&nbsp;<\/p>\n<p><b>Para informaci\u00f3n de prensa de Upar Awards en:<\/b><\/p>\n<p>&nbsp;<\/p>\n<p><b>PAOLA ESPA\u00d1A PRESS COMUNICACIONES ESTRAT\u00c9GICAS<\/b><\/p>\n<p><span style=\"font-weight: 400;\">Paola Espa\u00f1a<\/span><\/p>\n<p><span style=\"font-weight: 400;\">3105529818<\/span><\/p>\n<p><span style=\"font-weight: 400;\">paola@paolaespana.com<\/span><\/p>\n<p>&nbsp;<\/p>\n<p><span style=\"font-weight: 400;\">Alejandra Aranzazu<\/span><\/p>\n<p><span style=\"font-weight: 400;\">L\u00edder de Prensa\u00a0<\/span><\/p>\n<p><span style=\"font-weight: 400;\">alejandra@paolaespana.com<\/span><span style=\"font-weight: 400;\">\u00a0<\/span><\/p>\n<p>&nbsp;<\/p>\n<p><span style=\"font-weight: 400;\">Ang\u00e9lica Salamanca<\/span><\/p>\n<p><span style=\"font-weight: 400;\">Coordinadora Editorial de Prensa<\/span><\/p>\n<p><span style=\"font-weight: 400;\">angelica@paolaespana.com<\/span><\/p>\n","protected":false},"excerpt":{"rendered":"<p>LOS PRESTIGIOSOS PREMIOS AL FOLCLOR VALLENATO\u00a0SE COMPLACEN EN ANUNCIAR A [&hellip;]<\/p>\n","protected":false},"author":1,"featured_media":3888,"comment_status":"open","ping_status":"open","sticky":false,"template":"","format":"standard","meta":{"footnotes":""},"categories":[48],"tags":[],"class_list":["post-3877","post","type-post","status-publish","format-standard","has-post-thumbnail","hentry","category-uparawards-2023"],"_links":{"self":[{"href":"https:\/\/uparawards.com.co\/index.php?rest_route=\/wp\/v2\/posts\/3877","targetHints":{"allow":["GET"]}}],"collection":[{"href":"https:\/\/uparawards.com.co\/index.php?rest_route=\/wp\/v2\/posts"}],"about":[{"href":"https:\/\/uparawards.com.co\/index.php?rest_route=\/wp\/v2\/types\/post"}],"author":[{"embeddable":true,"href":"https:\/\/uparawards.com.co\/index.php?rest_route=\/wp\/v2\/users\/1"}],"replies":[{"embeddable":true,"href":"https:\/\/uparawards.com.co\/index.php?rest_route=%2Fwp%2Fv2%2Fcomments&post=3877"}],"version-history":[{"count":13,"href":"https:\/\/uparawards.com.co\/index.php?rest_route=\/wp\/v2\/posts\/3877\/revisions"}],"predecessor-version":[{"id":3938,"href":"https:\/\/uparawards.com.co\/index.php?rest_route=\/wp\/v2\/posts\/3877\/revisions\/3938"}],"wp:featuredmedia":[{"embeddable":true,"href":"https:\/\/uparawards.com.co\/index.php?rest_route=\/wp\/v2\/media\/3888"}],"wp:attachment":[{"href":"https:\/\/uparawards.com.co\/index.php?rest_route=%2Fwp%2Fv2%2Fmedia&parent=3877"}],"wp:term":[{"taxonomy":"category","embeddable":true,"href":"https:\/\/uparawards.com.co\/index.php?rest_route=%2Fwp%2Fv2%2Fcategories&post=3877"},{"taxonomy":"post_tag","embeddable":true,"href":"https:\/\/uparawards.com.co\/index.php?rest_route=%2Fwp%2Fv2%2Ftags&post=3877"}],"curies":[{"name":"wp","href":"https:\/\/api.w.org\/{rel}","templated":true}]}}