
{"id":2145,"date":"2022-03-25T14:01:32","date_gmt":"2022-03-25T14:01:32","guid":{"rendered":"http:\/\/wellexpo.select-themes.com\/?p=2145"},"modified":"2022-03-31T13:55:54","modified_gmt":"2022-03-31T13:55:54","slug":"let-the-technology-inspire-you","status":"publish","type":"post","link":"https:\/\/uparawards.com.co\/?p=2145","title":{"rendered":"Upar Awards, el escenario que lleg\u00f3 a dignificar a los m\u00fasicos vallenatos"},"content":{"rendered":"\n<p class=\"has-text-align-justify\"><b><i>En el a\u00f1o 2019 nacieron los Upar Awards, Premios al Folclor Vallenato, certamen que apareci\u00f3 para llenar uno de los vac\u00edos m\u00e1s grandes que ten\u00eda este g\u00e9nero y es darles protagonismo a los m\u00fasicos que est\u00e1n tras bambalinas en una agrupaci\u00f3n. M\u00e1s all\u00e1 de la caja, la guacharaca y el acorde\u00f3n, los conjuntos son conformados por una serie de integrantes que desde su don y talento aportan al crecimiento del folclor, lo que motiv\u00f3 a sus cofundadores: Jes\u00fas Vargas O\u00f1ate, Cindy Daza, Paulina Cabello y Jos\u00e9 Fernando \u2018Morre\u2019 Romero, a materializar el reconocimiento que durante muchos a\u00f1os se les adeudaba a estos actores musicales.<\/i><\/b><\/p>\n\n\n\n<!--more-->\n\n\n\n<p>[\/vc_column_text][vc_empty_space height=\u00bb11px\u00bb]<\/p>\n\n\n\n<p>[vc_empty_space height=\u00bb7px\u00bb][vc_column_text]Con tan solo una edici\u00f3n, la premiaci\u00f3n al Folclor Vallenato en Valledupar se convirti\u00f3 en la exaltaci\u00f3n m\u00e1s grande de este g\u00e9nero musical que premi\u00f3 a los 35 mejores artistas de las diferentes categor\u00edas, ganadores que eligi\u00f3 el p\u00fablico vallenato. Esto ocurri\u00f3 en el a\u00f1o 2019 y desde entonces la Fundaci\u00f3n Premios al Folclor Vallenato se prepara para darle continuidad a esta gala de exaltaci\u00f3n donde los protagonistas son los m\u00fasicos vallenatos que est\u00e1n tras bambalinas.[\/vc_column_text]<\/p>\n\n\n\n<p>[vc_empty_space height=\u00bb7px\u00bb]<\/p>\n\n\n<p>[vc_column_text]<\/p>\n<p style=\"font-weight: 400;\">El homenajeado de la segunda edici\u00f3n ser\u00eda Omar Geles, por su trayectoria y vida art\u00edstica.<\/p>\n<p style=\"font-weight: 400;\">Es as\u00ed como en abril de 2019 se realiz\u00f3 la primera gran gala de premiaci\u00f3n, concurso que cont\u00f3 con 35 categor\u00edas y que logr\u00f3 la participaci\u00f3n de m\u00e1s de ocho millones de personas que sirvieron como jurado de este certamen. La llegada del Covid-19 detuvo el trasegar de esta fundaci\u00f3n en su intenci\u00f3n de cumplir con su segundo a\u00f1o de homenaje, nominaciones y premiaci\u00f3n; sin embargo, internamente se siguen trazando estrategias y objetivos por lograr que los m\u00fasicos vallenatos sean exaltados y reconocidos, no una sola vez, sino siempre.<\/p>\n<p>[\/vc_column_text]<\/p>\n\n\n\n<p>[vc_empty_space height=\u00bb11px\u00bb]<\/p>\n\n\n<p>[vc_column_text]<\/p>\n<blockquote><p><i>\u201cComo fundaci\u00f3n buscamos que los artistas de la segunda l\u00ednea sean exaltados; sabemos que este tiempo ha sido dif\u00edcil para todos, sin embargo, nuestra intenci\u00f3n de seguirlos acompa\u00f1ando sigue en pie. Nuestro principal fin es que su funci\u00f3n como aportantes de este g\u00e9nero musical sea reconocida todos los d\u00edas\u201d, afirm\u00f3 Jes\u00fas Vargas O\u00f1ate, cofundador de Upar Awards.<\/i><\/p><\/blockquote>\n<p>[\/vc_column_text]<\/p>\n\n\n\n<p>[vc_empty_space height=\u00bb11px\u00bb]<\/p>\n\n\n<p>[vc_column_text]<b>\u00a1Estamos con ustedes!<\/b>[vc_empty_space height=\u00bb11px\u00bb]<\/p>\n<p>[vc_column_text]<\/p>\n<p style=\"font-weight: 400;\">Hace m\u00e1s de 12 meses que el confinamiento llev\u00f3 a que los escenarios fueron cerrados, a no compartir entre amigos lo que durante d\u00e9cadas hemos gozado: nuestra m\u00fasica Vallenata. \u201cEste abril es diferente a los dem\u00e1s, pero nuestro amor, pasi\u00f3n y deseo porque el folclor sea exaltado sigue latente. Lamentablemente este a\u00f1o no tendremos gala, no viviremos nuestra segunda edici\u00f3n de Upar Awards, y los mejores no recorrer\u00e1n la anhelada alfombra roja; sin embargo, esto no termina, esto solo es un receso para volver m\u00e1s fuertes\u201d, expres\u00f3 Vargas O\u00f1ate.<\/p>\n<p style=\"font-weight: 400;\">Asimismo, el cofundador de Upar Awards envi\u00f3 un mensaje de esperanza y fe a los actores del folclor vallenato reiterando que la fundaci\u00f3n est\u00e1 con ellos en este dif\u00edcil momento, \u201choy, en medio de este tiempo, solo queremos decirte \u00a1Estamos contigo! Gracias, por hacer parte del grupo de gestores del reconocimiento mundial de nuestra m\u00fasica de acorde\u00f3n, por aportar desde tu talento, amor y pasi\u00f3n; la grandeza y la alegr\u00eda que representa el folclor vallenato\u201d, dijo.<\/p>\n<p style=\"font-weight: 400;\">Cabe resaltar que, durante mucho tiempo, gran parte de la humanidad ha vivido sus mejores momentos al son de la caja, guacharaca y acorde\u00f3n, tiempos de los que hay seguridad, regresar\u00e1n, para volver estamos seguros que pronto llegar\u00e1n los tiempos para volver a cantar, tocar y demostrar p\u00fablicamente que somos due\u00f1os de la mejor m\u00fasica del mundo.<\/p>\n<p>[\/vc_column_text]<\/p>\n\n\n\n<p>[vc_empty_space height=\u00bb11px\u00bb]<\/p>\n\n\n<p>[vc_column_text]<b>La gala que qued\u00f3 pendiente<\/b>[vc_empty_space height=\u00bb11px\u00bb]<\/p>\n<p>[vc_column_text]<\/p>\n<p style=\"font-weight: 400;\">Grandes exponentes del folclor vallenato, como Jean Carlos Centeno y Jorge Celed\u00f3n, apoyan este certamen<\/p>\n<p style=\"font-weight: 400;\">Para la segunda edici\u00f3n de Upar Awards se alcanzaron a nominar m\u00e1s de 140 m\u00fasicos en las 35 categor\u00edas y a elegir el homenajeado. Omar Geles Su\u00e1rez, fue elegido por la fundaci\u00f3n para la segunda entrega por el hecho de ser un exponente del folclor vallenato desde su ni\u00f1ez como acordeonero, uno de los compositores m\u00e1s reconocidos de Colombia, productor y hoy cantautor, haciendo que el vallenato crezca.<\/p>\n<p style=\"font-weight: 400;\">Omar Geles compuso su primera canci\u00f3n en 1986 titulada \u2018Te esperar\u00e9&#8217;, desde entonces solo ha escrito \u00e9xitos, no en vano grandes artistas del vallenato han grabado sus canciones. Hoy cuenta con m\u00e1s de mil letras grabadas. Geles es el autor de la canci\u00f3n netamente vallenata m\u00e1s conocida en el mundo entero, \u2018Los caminos de la vida\u2019, tema que despu\u00e9s de la \u2018Gota fr\u00eda\u2019 de Carlos Vives ha sonado en todos los rincones del mundo y es toda una proeza musical.<\/p>\n<p>[\/vc_column_text]<\/p>\n\n\n\n<p>[vc_empty_space height=\u00bb8px\u00bb]<\/p>\n\n\n\n<p>[vc_empty_space height=\u00bb11px\u00bb]<\/p>\n\n\n<p>[vc_column_text]<\/p>\n<p style=\"font-weight: 400; text-align: center;\"><strong>Katherine Juliana Mu\u00f1oz L\u00f3pez<\/strong><\/p>\n<p style=\"font-weight: 400; text-align: center;\"><strong>Comunicadora Social<\/strong><\/p>\n<p style=\"font-weight: 400; text-align: center;\"><strong>Universidad de Pamplona<\/strong><\/p>\n<p>[\/vc_column_text]<\/p>\n\n\n\n<p>[vc_empty_space height=\u00bb8px\u00bb]<\/p>\n\n\n\n<p>[\/vc_column][\/vc_row]<\/p>\n","protected":false},"excerpt":{"rendered":"<p>Lorem Ipsum dolor sit amet quid dolormentum. Proin gravida nibh vel velit auctor aliquet. Aenean sollicitudin, lorem quis bibendum auctorelit consequat ipsum, nec sagittis sem nibh id elit. Duis sed odio sit amet nibh vulputate cursus a sit amet mauris. Morbi accumsan ipsum velit. Nam nec tellus a odio tincidunt auctor a ornare odio. Sed non mauris vitae erat consequat auctor eu in elit. Class aptent taciti sociosqu ad litora torquent per conubia nostra per inceptos himenaeos. Mauris in erat justo. Nullam ac urna eu felis dapibus condimentum sit amet a augue. Sed non neque elit. Sed ut imperdiet nisi. Proin condimentum fermentum nunc. Etiam pharetra, erat sed fermentum feugiat, velit mauris egestas quam, ut aliquam massa nisl quis neque. Suspendisse in orci enim. Erat consequat auctor eu in elit. Class aptent taciti sociosqu ad litora torquent per conubia nostra per inceptos himenaeos. Mauris in erat justo. Nullam ac urna eu felis dapibus condimentum sit amet a augue. Sed non neque elit. Sed ut imperdiet nisi. Proin condimentum fermentum nunc.<\/p>\n","protected":false},"author":1,"featured_media":3672,"comment_status":"open","ping_status":"open","sticky":false,"template":"","format":"standard","meta":{"footnotes":""},"categories":[47],"tags":[],"class_list":["post-2145","post","type-post","status-publish","format-standard","has-post-thumbnail","hentry","category-uparawards-2022"],"_links":{"self":[{"href":"https:\/\/uparawards.com.co\/index.php?rest_route=\/wp\/v2\/posts\/2145","targetHints":{"allow":["GET"]}}],"collection":[{"href":"https:\/\/uparawards.com.co\/index.php?rest_route=\/wp\/v2\/posts"}],"about":[{"href":"https:\/\/uparawards.com.co\/index.php?rest_route=\/wp\/v2\/types\/post"}],"author":[{"embeddable":true,"href":"https:\/\/uparawards.com.co\/index.php?rest_route=\/wp\/v2\/users\/1"}],"replies":[{"embeddable":true,"href":"https:\/\/uparawards.com.co\/index.php?rest_route=%2Fwp%2Fv2%2Fcomments&post=2145"}],"version-history":[{"count":7,"href":"https:\/\/uparawards.com.co\/index.php?rest_route=\/wp\/v2\/posts\/2145\/revisions"}],"predecessor-version":[{"id":3811,"href":"https:\/\/uparawards.com.co\/index.php?rest_route=\/wp\/v2\/posts\/2145\/revisions\/3811"}],"wp:featuredmedia":[{"embeddable":true,"href":"https:\/\/uparawards.com.co\/index.php?rest_route=\/wp\/v2\/media\/3672"}],"wp:attachment":[{"href":"https:\/\/uparawards.com.co\/index.php?rest_route=%2Fwp%2Fv2%2Fmedia&parent=2145"}],"wp:term":[{"taxonomy":"category","embeddable":true,"href":"https:\/\/uparawards.com.co\/index.php?rest_route=%2Fwp%2Fv2%2Fcategories&post=2145"},{"taxonomy":"post_tag","embeddable":true,"href":"https:\/\/uparawards.com.co\/index.php?rest_route=%2Fwp%2Fv2%2Ftags&post=2145"}],"curies":[{"name":"wp","href":"https:\/\/api.w.org\/{rel}","templated":true}]}}